{"id":1064,"date":"2026-01-28T11:06:34","date_gmt":"2026-01-28T10:06:34","guid":{"rendered":"https:\/\/ecotic.fr\/?p=1064"},"modified":"2026-01-28T11:06:34","modified_gmt":"2026-01-28T10:06:34","slug":"ecotic-propose-le-financement-locatif-pour-tous-vos-equipements","status":"publish","type":"post","link":"https:\/\/ecotic.fr\/index.php\/2026\/01\/28\/ecotic-propose-le-financement-locatif-pour-tous-vos-equipements\/","title":{"rendered":"Ecotic propose le financement locatif pour tous vos \u00e9quipements"},"content":{"rendered":"<p class=\"p1\"><span class=\"s1\">Chez <\/span><span class=\"s2\">Ecotic<\/span><span class=\"s1\">, nous sommes convaincus que l\u2019acc\u00e8s \u00e0 des \u00e9quipements performants et durables ne doit pas \u00eatre frein\u00e9 par les contraintes budg\u00e9taires. C\u2019est pourquoi nous proposons dans le cadre de nos offres mat\u00e9rielles le<\/span><span class=\"s3\"> financement locatif.<\/span><\/p>\n<h3><span class=\"s1\">Pourquoi choisir le financement locatif avec Ecotic ?<\/span><\/h3>\n<p class=\"p3\"><span class=\"s2\">\ud83d\udc49 <\/span><span class=\"s3\">Pr\u00e9server votre tr\u00e9sorerie<\/span><\/p>\n<p class=\"p3\"><span class=\"s2\">Plut\u00f4t que d\u2019engager un investissement initial lourd, vous \u00e9talez le co\u00fbt de l\u2019\u00e9quipement sur plusieurs mois ou ann\u00e9es. Cela lib\u00e8re des ressources financi\u00e8res pour vos autres besoins.<\/span><\/p>\n<p class=\"p3\"><span class=\"s2\">\ud83d\udc49 <\/span><span class=\"s3\">Flexibilit\u00e9 adapt\u00e9e \u00e0 vos besoins<\/span><\/p>\n<p class=\"p3\"><span class=\"s2\">Que vous ayez besoin d\u2019un \u00e9quipement ponctuel ou d\u2019un outil cl\u00e9 sur le long terme, nos offres de financement locatif s\u2019ajustent \u00e0 votre rythme d\u2019utilisation et \u00e0 votre plan d\u2019affaires.<\/span><\/p>\n<p class=\"p3\"><span class=\"s2\">\ud83d\udc49 <\/span><span class=\"s3\">Des loyers qui deviennent un levier fiscal<\/span><\/p>\n<p class=\"p3\"><span class=\"s2\">Les loyers de la location financi\u00e8re sont g\u00e9n\u00e9ralement consid\u00e9r\u00e9s comme des charges d\u2019exploitation, ce qui peut r\u00e9duire votre base imposable.<\/span><\/p>\n<p class=\"p3\"><span class=\"s2\">\ud83d\udc49 <\/span><span class=\"s3\">Acc\u00e8s \u00e0 du mat\u00e9riel plus moderne et performant<\/span><\/p>\n<p class=\"p3\"><span class=\"s2\">La location facilite l\u2019acc\u00e8s \u00e0 des technologies plus r\u00e9centes, sans immobilisation de capital. Vous pouvez ainsi rester comp\u00e9titif avec des \u00e9quipements adapt\u00e9s aux standards les plus exigeants.<\/span><\/p>\n<p class=\"p3\">\n<p>&nbsp;<\/p>\n<p>&nbsp;<\/p>\n","protected":false},"excerpt":{"rendered":"<p>Chez Ecotic, nous sommes convaincus que l\u2019acc\u00e8s \u00e0 des \u00e9quipements performants et durables ne doit pas \u00eatre frein\u00e9 par les contraintes budg\u00e9taires. <\/p>\n","protected":false},"author":1,"featured_media":120,"comment_status":"closed","ping_status":"open","sticky":false,"template":"","format":"standard","meta":{"footnotes":""},"categories":[6],"tags":[],"aioseo_notices":[],"_links":{"self":[{"href":"https:\/\/ecotic.fr\/index.php\/wp-json\/wp\/v2\/posts\/1064"}],"collection":[{"href":"https:\/\/ecotic.fr\/index.php\/wp-json\/wp\/v2\/posts"}],"about":[{"href":"https:\/\/ecotic.fr\/index.php\/wp-json\/wp\/v2\/types\/post"}],"author":[{"embeddable":true,"href":"https:\/\/ecotic.fr\/index.php\/wp-json\/wp\/v2\/users\/1"}],"replies":[{"embeddable":true,"href":"https:\/\/ecotic.fr\/index.php\/wp-json\/wp\/v2\/comments?post=1064"}],"version-history":[{"count":1,"href":"https:\/\/ecotic.fr\/index.php\/wp-json\/wp\/v2\/posts\/1064\/revisions"}],"predecessor-version":[{"id":1065,"href":"https:\/\/ecotic.fr\/index.php\/wp-json\/wp\/v2\/posts\/1064\/revisions\/1065"}],"wp:featuredmedia":[{"embeddable":true,"href":"https:\/\/ecotic.fr\/index.php\/wp-json\/wp\/v2\/media\/120"}],"wp:attachment":[{"href":"https:\/\/ecotic.fr\/index.php\/wp-json\/wp\/v2\/media?parent=1064"}],"wp:term":[{"taxonomy":"category","embeddable":true,"href":"https:\/\/ecotic.fr\/index.php\/wp-json\/wp\/v2\/categories?post=1064"},{"taxonomy":"post_tag","embeddable":true,"href":"https:\/\/ecotic.fr\/index.php\/wp-json\/wp\/v2\/tags?post=1064"}],"curies":[{"name":"wp","href":"https:\/\/api.w.org\/{rel}","templated":true}]}}