{"id":825,"date":"2025-12-30T08:50:44","date_gmt":"2025-12-30T07:50:44","guid":{"rendered":"https:\/\/ecotic.fr\/?p=825"},"modified":"2024-10-24T11:08:42","modified_gmt":"2024-10-24T09:08:42","slug":"130-ordinateurs-reconditionnes-en-2021-par-re-tic","status":"publish","type":"post","link":"https:\/\/ecotic.fr\/index.php\/2025\/12\/30\/130-ordinateurs-reconditionnes-en-2021-par-re-tic\/","title":{"rendered":"250 ordinateurs reconditionn\u00e9s en 2025 par ECOTIC"},"content":{"rendered":"<p><strong><span style=\"font-size: medium;\">Ecotic a repouss\u00e9 la fin de vie de 230 ordinateurs pour sa <\/span>quatri\u00e8me<span style=\"font-size: medium;\"> ann\u00e9e d&rsquo;action dans ce domaine. 250 ordinateurs ont ainsi \u00e9t\u00e9 reconditionn\u00e9s et r\u00e9employ\u00e9s en local dans les entreprises et les \u00e9tablissements scolaires clients ou partenaires d&rsquo;Ecotic.\u00a0<\/span><\/strong><\/p>\n<p>Gr\u00e2ce \u00e0 un reconditionnement selon des process rigoureux, les \u00e9quipements sont couverts par des garanties \u00e9quivalentes \u00e0 celles du neuf.<\/p>\n<p>Une partie des mat\u00e9riels collect\u00e9s et reconditionn\u00e9s fait l&rsquo;objet de dons \u00e0 des associations ou des \u00e9tablissements scolaires dans le but de participer \u00e0 la r\u00e9duction de la fracture num\u00e9rique. Si vous avez des \u00e9quipements qui dorment dans les placards, appelez-nous pour en discuter.<\/p>\n","protected":false},"excerpt":{"rendered":"<p>Ecotic a repouss\u00e9 la fin de vie de 230 ordinateurs pour sa quatri\u00e8me ann\u00e9e d&rsquo;action dans ce domaine. 250 ordinateurs ont ainsi \u00e9t\u00e9 reconditionn?<\/p>\n","protected":false},"author":1,"featured_media":827,"comment_status":"closed","ping_status":"open","sticky":false,"template":"","format":"standard","meta":{"footnotes":""},"categories":[6],"tags":[7],"aioseo_notices":[],"_links":{"self":[{"href":"https:\/\/ecotic.fr\/index.php\/wp-json\/wp\/v2\/posts\/825"}],"collection":[{"href":"https:\/\/ecotic.fr\/index.php\/wp-json\/wp\/v2\/posts"}],"about":[{"href":"https:\/\/ecotic.fr\/index.php\/wp-json\/wp\/v2\/types\/post"}],"author":[{"embeddable":true,"href":"https:\/\/ecotic.fr\/index.php\/wp-json\/wp\/v2\/users\/1"}],"replies":[{"embeddable":true,"href":"https:\/\/ecotic.fr\/index.php\/wp-json\/wp\/v2\/comments?post=825"}],"version-history":[{"count":9,"href":"https:\/\/ecotic.fr\/index.php\/wp-json\/wp\/v2\/posts\/825\/revisions"}],"predecessor-version":[{"id":1063,"href":"https:\/\/ecotic.fr\/index.php\/wp-json\/wp\/v2\/posts\/825\/revisions\/1063"}],"wp:featuredmedia":[{"embeddable":true,"href":"https:\/\/ecotic.fr\/index.php\/wp-json\/wp\/v2\/media\/827"}],"wp:attachment":[{"href":"https:\/\/ecotic.fr\/index.php\/wp-json\/wp\/v2\/media?parent=825"}],"wp:term":[{"taxonomy":"category","embeddable":true,"href":"https:\/\/ecotic.fr\/index.php\/wp-json\/wp\/v2\/categories?post=825"},{"taxonomy":"post_tag","embeddable":true,"href":"https:\/\/ecotic.fr\/index.php\/wp-json\/wp\/v2\/tags?post=825"}],"curies":[{"name":"wp","href":"https:\/\/api.w.org\/{rel}","templated":true}]}}